{"id":426,"date":"2012-02-13T16:54:12","date_gmt":"2012-02-13T16:54:12","guid":{"rendered":"http:\/\/www.pension-niclas.de\/home\/?p=426"},"modified":"2012-02-13T16:56:46","modified_gmt":"2012-02-13T16:56:46","slug":"eroffnungskonzert-der-sangerhauser-berg-und-rosenfestwochen-2012","status":"publish","type":"post","link":"https:\/\/www.pension-niclas.de\/home\/eroffnungskonzert-der-sangerhauser-berg-und-rosenfestwochen-2012\/","title":{"rendered":"Er\u00f6ffnungskonzert der Sangerh\u00e4user Berg- und Rosenfestwochen 2012"},"content":{"rendered":"<p><img loading=\"lazy\" src=\"http:\/\/www.pension-niclas.de\/home\/wp-content\/uploads\/2012\/02\/rosenstadt-e1329151929367.jpg\" alt=\"\" title=\"rosenstadt\" width=\"500\" height=\"109\" size-full wp-image-427\" \/><\/p>\n<p><strong>\u201elost in tango\u201c mit dem Trio Neuklang<\/strong><\/p>\n<p>F\u00fcr das festliche Er\u00f6ffnungskonzert der Berg- und Rosenfestwochen am 16. Juni 2012 um 19.30 Uhr in der romanischen Basilika St. Ulrich konnte die Rosenstadt Sangerhausen GmbH in diesem Jahr die drei jungen Musiker des Trio NeuKlang aus Berlin gewinnen.<\/p>\n<p>Das gr\u00f6\u00dfte deutsche Klassik- und Jazzmagazin \u201eRondo\u201c schrieb \u00fcber ihr aktuelles Programm folgendes: \u201eBei \u00bblost in tango\u00ab, der atmosph\u00e4risch-virtuosen Deb\u00fct-CD von Trio NeuKlang ist mir, als w\u00fcrde ich mich mit Schubert, Mozart und Piazzolla in verwunschenen Caf\u00e9s und Tanzlokalen verlieren.\u201c <\/p>\n<p>1998 gr\u00fcndeten Nikolaj Abramson (Klarinette), Arthur Hornig (Violoncello) und Jan Jachmann (Konzert-Akkordeon) das Trio NeuKlang mit dem anspruchsvollen Ziel, einen neuen Klang in den Konzertsaal zu bringen, der Bekanntes mit Neuem verkn\u00fcpft und so wieder spannend macht. Das Trio arbeitet mit namhaften Komponisten unserer Zeit zusammen, arrangiert aber auch selbst.<br \/>\n\u201elost in tango\u201c vereint klassische Tangos Nuevos von Astor Piazzolla mit \u201etangoisierten\u201c Werken klassischer Komponisten wie Mozart, Beethoven, Brahms und Schubert.<br \/>\nLohn dieses Konzepts sind Erfolge auf zahlreichen Festivals, hervorragende Kritiken der Presse und das Lob des Publikums. <\/p>\n<p>F\u00fcr das Er\u00f6ffnungskonzert der Berg- und Rosenfestwochen in der Ulrichkirche k\u00f6nnen ab sofort die Eintrittskarten zum Vorverkaufspreis von 8,00 \u20ac in der Tourist-Information, Markt 18, Tel. 03464\/19433 oder unter www.rosarium-shop.de erworben werden. <\/p>\n","protected":false},"excerpt":{"rendered":"<p>F\u00fcr das festliche Er\u00f6ffnungskonzert der Berg- und Rosenfestwochen am 16. Juni 2012 um 19.30 Uhr in der romanischen Basilika St. Ulrich konnte die Rosenstadt Sangerhausen GmbH in diesem Jahr die drei jungen Musiker des Trio NeuKlang aus Berlin gewinnen.<\/p>\n","protected":false},"author":1,"featured_media":0,"comment_status":"open","ping_status":"open","sticky":false,"template":"","format":"standard","meta":[],"categories":[19],"tags":[],"yoast_head":"<!-- This site is optimized with the Yoast SEO plugin v18.2 - https:\/\/yoast.com\/wordpress\/plugins\/seo\/ -->\n<title>Er\u00f6ffnungskonzert der Sangerh\u00e4user Berg- und Rosenfestwochen 2012 - Pension Niclas<\/title>\n<meta name=\"description\" content=\"F\u00fcr das festliche Er\u00f6ffnungskonzert der Berg- und Rosenfestwochen am 16. Juni 2012 um 19.30 Uhr in der romanischen Basilika St. Ulrich konnte die Rosenstadt Sangerhausen GmbH in diesem Jahr die drei jungen Musiker des Trio NeuKlang aus Berlin gewinnen.\" \/>\n<meta name=\"robots\" content=\"index, follow, max-snippet:-1, max-image-preview:large, max-video-preview:-1\" \/>\n<link rel=\"canonical\" href=\"https:\/\/www.pension-niclas.de\/home\/eroffnungskonzert-der-sangerhauser-berg-und-rosenfestwochen-2012\/\" \/>\n<meta property=\"og:locale\" content=\"de_DE\" \/>\n<meta property=\"og:type\" content=\"article\" \/>\n<meta property=\"og:title\" content=\"Er\u00f6ffnungskonzert der Sangerh\u00e4user Berg- und Rosenfestwochen 2012 - Pension Niclas\" \/>\n<meta property=\"og:description\" content=\"F\u00fcr das festliche Er\u00f6ffnungskonzert der Berg- und Rosenfestwochen am 16. Juni 2012 um 19.30 Uhr in der romanischen Basilika St. Ulrich konnte die Rosenstadt Sangerhausen GmbH in diesem Jahr die drei jungen Musiker des Trio NeuKlang aus Berlin gewinnen.\" \/>\n<meta property=\"og:url\" content=\"https:\/\/www.pension-niclas.de\/home\/eroffnungskonzert-der-sangerhauser-berg-und-rosenfestwochen-2012\/\" \/>\n<meta property=\"og:site_name\" content=\"Pension Niclas\" \/>\n<meta property=\"article:publisher\" content=\"https:\/\/www.facebook.com\/PensionNiclas\/\" \/>\n<meta property=\"article:published_time\" content=\"2012-02-13T16:54:12+00:00\" \/>\n<meta property=\"article:modified_time\" content=\"2012-02-13T16:56:46+00:00\" \/>\n<meta property=\"og:image\" content=\"http:\/\/www.pension-niclas.de\/home\/wp-content\/uploads\/2012\/02\/rosenstadt-e1329151929367.jpg\" \/>\n<meta name=\"twitter:label1\" content=\"Verfasst von\" \/>\n\t<meta name=\"twitter:data1\" content=\"Pension Niclas\" \/>\n<script type=\"application\/ld+json\" class=\"yoast-schema-graph\">{\"@context\":\"https:\/\/schema.org\",\"@graph\":[{\"@type\":\"Organization\",\"@id\":\"https:\/\/www.pension-niclas.de\/home\/#organization\",\"name\":\"Pension Niclas Sangerhausen\",\"url\":\"https:\/\/www.pension-niclas.de\/home\/\",\"sameAs\":[\"https:\/\/www.facebook.com\/PensionNiclas\/\"],\"logo\":{\"@type\":\"ImageObject\",\"@id\":\"https:\/\/www.pension-niclas.de\/home\/#logo\",\"inLanguage\":\"de\",\"url\":\"https:\/\/www.pension-niclas.de\/home\/wp-content\/uploads\/2012\/02\/06_aussen02.jpg\",\"contentUrl\":\"https:\/\/www.pension-niclas.de\/home\/wp-content\/uploads\/2012\/02\/06_aussen02.jpg\",\"width\":\"250\",\"height\":\"243\",\"caption\":\"Pension Niclas Sangerhausen\"},\"image\":{\"@id\":\"https:\/\/www.pension-niclas.de\/home\/#logo\"}},{\"@type\":\"WebSite\",\"@id\":\"https:\/\/www.pension-niclas.de\/home\/#website\",\"url\":\"https:\/\/www.pension-niclas.de\/home\/\",\"name\":\"Pension Niclas - \u00dcbernachtung in Sangerhausen\",\"description\":\"Preiswerte \u00dcbernachtung in Sangerhausen\",\"publisher\":{\"@id\":\"https:\/\/www.pension-niclas.de\/home\/#organization\"},\"potentialAction\":[{\"@type\":\"SearchAction\",\"target\":{\"@type\":\"EntryPoint\",\"urlTemplate\":\"https:\/\/www.pension-niclas.de\/home\/?s={search_term_string}\"},\"query-input\":\"required name=search_term_string\"}],\"inLanguage\":\"de\"},{\"@type\":\"ImageObject\",\"@id\":\"https:\/\/www.pension-niclas.de\/home\/eroffnungskonzert-der-sangerhauser-berg-und-rosenfestwochen-2012\/#primaryimage\",\"inLanguage\":\"de\",\"url\":\"http:\/\/www.pension-niclas.de\/home\/wp-content\/uploads\/2012\/02\/rosenstadt-e1329151929367.jpg\",\"contentUrl\":\"http:\/\/www.pension-niclas.de\/home\/wp-content\/uploads\/2012\/02\/rosenstadt-e1329151929367.jpg\"},{\"@type\":\"WebPage\",\"@id\":\"https:\/\/www.pension-niclas.de\/home\/eroffnungskonzert-der-sangerhauser-berg-und-rosenfestwochen-2012\/#webpage\",\"url\":\"https:\/\/www.pension-niclas.de\/home\/eroffnungskonzert-der-sangerhauser-berg-und-rosenfestwochen-2012\/\",\"name\":\"Er\u00f6ffnungskonzert der Sangerh\u00e4user Berg- und Rosenfestwochen 2012 - Pension Niclas\",\"isPartOf\":{\"@id\":\"https:\/\/www.pension-niclas.de\/home\/#website\"},\"primaryImageOfPage\":{\"@id\":\"https:\/\/www.pension-niclas.de\/home\/eroffnungskonzert-der-sangerhauser-berg-und-rosenfestwochen-2012\/#primaryimage\"},\"datePublished\":\"2012-02-13T16:54:12+00:00\",\"dateModified\":\"2012-02-13T16:56:46+00:00\",\"description\":\"F\u00fcr das festliche Er\u00f6ffnungskonzert der Berg- und Rosenfestwochen am 16. Juni 2012 um 19.30 Uhr in der romanischen Basilika St. Ulrich konnte die Rosenstadt Sangerhausen GmbH in diesem Jahr die drei jungen Musiker des Trio NeuKlang aus Berlin gewinnen.\",\"breadcrumb\":{\"@id\":\"https:\/\/www.pension-niclas.de\/home\/eroffnungskonzert-der-sangerhauser-berg-und-rosenfestwochen-2012\/#breadcrumb\"},\"inLanguage\":\"de\",\"potentialAction\":[{\"@type\":\"ReadAction\",\"target\":[\"https:\/\/www.pension-niclas.de\/home\/eroffnungskonzert-der-sangerhauser-berg-und-rosenfestwochen-2012\/\"]}]},{\"@type\":\"BreadcrumbList\",\"@id\":\"https:\/\/www.pension-niclas.de\/home\/eroffnungskonzert-der-sangerhauser-berg-und-rosenfestwochen-2012\/#breadcrumb\",\"itemListElement\":[{\"@type\":\"ListItem\",\"position\":1,\"name\":\"Er\u00f6ffnungskonzert der Sangerh\u00e4user Berg- und Rosenfestwochen 2012\"}]},{\"@type\":\"Article\",\"@id\":\"https:\/\/www.pension-niclas.de\/home\/eroffnungskonzert-der-sangerhauser-berg-und-rosenfestwochen-2012\/#article\",\"isPartOf\":{\"@id\":\"https:\/\/www.pension-niclas.de\/home\/eroffnungskonzert-der-sangerhauser-berg-und-rosenfestwochen-2012\/#webpage\"},\"author\":{\"@id\":\"https:\/\/www.pension-niclas.de\/home\/#\/schema\/person\/50c93ce20eaffe65c72a64e258e528be\"},\"headline\":\"Er\u00f6ffnungskonzert der Sangerh\u00e4user Berg- und Rosenfestwochen 2012\",\"datePublished\":\"2012-02-13T16:54:12+00:00\",\"dateModified\":\"2012-02-13T16:56:46+00:00\",\"mainEntityOfPage\":{\"@id\":\"https:\/\/www.pension-niclas.de\/home\/eroffnungskonzert-der-sangerhauser-berg-und-rosenfestwochen-2012\/#webpage\"},\"wordCount\":8,\"commentCount\":0,\"publisher\":{\"@id\":\"https:\/\/www.pension-niclas.de\/home\/#organization\"},\"image\":{\"@id\":\"https:\/\/www.pension-niclas.de\/home\/eroffnungskonzert-der-sangerhauser-berg-und-rosenfestwochen-2012\/#primaryimage\"},\"thumbnailUrl\":\"http:\/\/www.pension-niclas.de\/home\/wp-content\/uploads\/2012\/02\/rosenstadt-e1329151929367.jpg\",\"articleSection\":[\"Aktuelles aus der Region\"],\"inLanguage\":\"de\",\"potentialAction\":[{\"@type\":\"CommentAction\",\"name\":\"Comment\",\"target\":[\"https:\/\/www.pension-niclas.de\/home\/eroffnungskonzert-der-sangerhauser-berg-und-rosenfestwochen-2012\/#respond\"]}]},{\"@type\":\"Person\",\"@id\":\"https:\/\/www.pension-niclas.de\/home\/#\/schema\/person\/50c93ce20eaffe65c72a64e258e528be\",\"name\":\"Pension Niclas\",\"sameAs\":[\"http:\/\/www.pension-niclas.de\"]}]}<\/script>\n<!-- \/ Yoast SEO plugin. -->","yoast_head_json":{"title":"Er\u00f6ffnungskonzert der Sangerh\u00e4user Berg- und Rosenfestwochen 2012 - Pension Niclas","description":"F\u00fcr das festliche Er\u00f6ffnungskonzert der Berg- und Rosenfestwochen am 16. Juni 2012 um 19.30 Uhr in der romanischen Basilika St. Ulrich konnte die Rosenstadt Sangerhausen GmbH in diesem Jahr die drei jungen Musiker des Trio NeuKlang aus Berlin gewinnen.","robots":{"index":"index","follow":"follow","max-snippet":"max-snippet:-1","max-image-preview":"max-image-preview:large","max-video-preview":"max-video-preview:-1"},"canonical":"https:\/\/www.pension-niclas.de\/home\/eroffnungskonzert-der-sangerhauser-berg-und-rosenfestwochen-2012\/","og_locale":"de_DE","og_type":"article","og_title":"Er\u00f6ffnungskonzert der Sangerh\u00e4user Berg- und Rosenfestwochen 2012 - Pension Niclas","og_description":"F\u00fcr das festliche Er\u00f6ffnungskonzert der Berg- und Rosenfestwochen am 16. Juni 2012 um 19.30 Uhr in der romanischen Basilika St. Ulrich konnte die Rosenstadt Sangerhausen GmbH in diesem Jahr die drei jungen Musiker des Trio NeuKlang aus Berlin gewinnen.","og_url":"https:\/\/www.pension-niclas.de\/home\/eroffnungskonzert-der-sangerhauser-berg-und-rosenfestwochen-2012\/","og_site_name":"Pension Niclas","article_publisher":"https:\/\/www.facebook.com\/PensionNiclas\/","article_published_time":"2012-02-13T16:54:12+00:00","article_modified_time":"2012-02-13T16:56:46+00:00","og_image":[{"url":"http:\/\/www.pension-niclas.de\/home\/wp-content\/uploads\/2012\/02\/rosenstadt-e1329151929367.jpg"}],"twitter_misc":{"Verfasst von":"Pension Niclas"},"schema":{"@context":"https:\/\/schema.org","@graph":[{"@type":"Organization","@id":"https:\/\/www.pension-niclas.de\/home\/#organization","name":"Pension Niclas Sangerhausen","url":"https:\/\/www.pension-niclas.de\/home\/","sameAs":["https:\/\/www.facebook.com\/PensionNiclas\/"],"logo":{"@type":"ImageObject","@id":"https:\/\/www.pension-niclas.de\/home\/#logo","inLanguage":"de","url":"https:\/\/www.pension-niclas.de\/home\/wp-content\/uploads\/2012\/02\/06_aussen02.jpg","contentUrl":"https:\/\/www.pension-niclas.de\/home\/wp-content\/uploads\/2012\/02\/06_aussen02.jpg","width":"250","height":"243","caption":"Pension Niclas Sangerhausen"},"image":{"@id":"https:\/\/www.pension-niclas.de\/home\/#logo"}},{"@type":"WebSite","@id":"https:\/\/www.pension-niclas.de\/home\/#website","url":"https:\/\/www.pension-niclas.de\/home\/","name":"Pension Niclas - \u00dcbernachtung in Sangerhausen","description":"Preiswerte \u00dcbernachtung in Sangerhausen","publisher":{"@id":"https:\/\/www.pension-niclas.de\/home\/#organization"},"potentialAction":[{"@type":"SearchAction","target":{"@type":"EntryPoint","urlTemplate":"https:\/\/www.pension-niclas.de\/home\/?s={search_term_string}"},"query-input":"required name=search_term_string"}],"inLanguage":"de"},{"@type":"ImageObject","@id":"https:\/\/www.pension-niclas.de\/home\/eroffnungskonzert-der-sangerhauser-berg-und-rosenfestwochen-2012\/#primaryimage","inLanguage":"de","url":"http:\/\/www.pension-niclas.de\/home\/wp-content\/uploads\/2012\/02\/rosenstadt-e1329151929367.jpg","contentUrl":"http:\/\/www.pension-niclas.de\/home\/wp-content\/uploads\/2012\/02\/rosenstadt-e1329151929367.jpg"},{"@type":"WebPage","@id":"https:\/\/www.pension-niclas.de\/home\/eroffnungskonzert-der-sangerhauser-berg-und-rosenfestwochen-2012\/#webpage","url":"https:\/\/www.pension-niclas.de\/home\/eroffnungskonzert-der-sangerhauser-berg-und-rosenfestwochen-2012\/","name":"Er\u00f6ffnungskonzert der Sangerh\u00e4user Berg- und Rosenfestwochen 2012 - Pension Niclas","isPartOf":{"@id":"https:\/\/www.pension-niclas.de\/home\/#website"},"primaryImageOfPage":{"@id":"https:\/\/www.pension-niclas.de\/home\/eroffnungskonzert-der-sangerhauser-berg-und-rosenfestwochen-2012\/#primaryimage"},"datePublished":"2012-02-13T16:54:12+00:00","dateModified":"2012-02-13T16:56:46+00:00","description":"F\u00fcr das festliche Er\u00f6ffnungskonzert der Berg- und Rosenfestwochen am 16. Juni 2012 um 19.30 Uhr in der romanischen Basilika St. Ulrich konnte die Rosenstadt Sangerhausen GmbH in diesem Jahr die drei jungen Musiker des Trio NeuKlang aus Berlin gewinnen.","breadcrumb":{"@id":"https:\/\/www.pension-niclas.de\/home\/eroffnungskonzert-der-sangerhauser-berg-und-rosenfestwochen-2012\/#breadcrumb"},"inLanguage":"de","potentialAction":[{"@type":"ReadAction","target":["https:\/\/www.pension-niclas.de\/home\/eroffnungskonzert-der-sangerhauser-berg-und-rosenfestwochen-2012\/"]}]},{"@type":"BreadcrumbList","@id":"https:\/\/www.pension-niclas.de\/home\/eroffnungskonzert-der-sangerhauser-berg-und-rosenfestwochen-2012\/#breadcrumb","itemListElement":[{"@type":"ListItem","position":1,"name":"Er\u00f6ffnungskonzert der Sangerh\u00e4user Berg- und Rosenfestwochen 2012"}]},{"@type":"Article","@id":"https:\/\/www.pension-niclas.de\/home\/eroffnungskonzert-der-sangerhauser-berg-und-rosenfestwochen-2012\/#article","isPartOf":{"@id":"https:\/\/www.pension-niclas.de\/home\/eroffnungskonzert-der-sangerhauser-berg-und-rosenfestwochen-2012\/#webpage"},"author":{"@id":"https:\/\/www.pension-niclas.de\/home\/#\/schema\/person\/50c93ce20eaffe65c72a64e258e528be"},"headline":"Er\u00f6ffnungskonzert der Sangerh\u00e4user Berg- und Rosenfestwochen 2012","datePublished":"2012-02-13T16:54:12+00:00","dateModified":"2012-02-13T16:56:46+00:00","mainEntityOfPage":{"@id":"https:\/\/www.pension-niclas.de\/home\/eroffnungskonzert-der-sangerhauser-berg-und-rosenfestwochen-2012\/#webpage"},"wordCount":8,"commentCount":0,"publisher":{"@id":"https:\/\/www.pension-niclas.de\/home\/#organization"},"image":{"@id":"https:\/\/www.pension-niclas.de\/home\/eroffnungskonzert-der-sangerhauser-berg-und-rosenfestwochen-2012\/#primaryimage"},"thumbnailUrl":"http:\/\/www.pension-niclas.de\/home\/wp-content\/uploads\/2012\/02\/rosenstadt-e1329151929367.jpg","articleSection":["Aktuelles aus der Region"],"inLanguage":"de","potentialAction":[{"@type":"CommentAction","name":"Comment","target":["https:\/\/www.pension-niclas.de\/home\/eroffnungskonzert-der-sangerhauser-berg-und-rosenfestwochen-2012\/#respond"]}]},{"@type":"Person","@id":"https:\/\/www.pension-niclas.de\/home\/#\/schema\/person\/50c93ce20eaffe65c72a64e258e528be","name":"Pension Niclas","sameAs":["http:\/\/www.pension-niclas.de"]}]}},"_links":{"self":[{"href":"https:\/\/www.pension-niclas.de\/home\/wp-json\/wp\/v2\/posts\/426"}],"collection":[{"href":"https:\/\/www.pension-niclas.de\/home\/wp-json\/wp\/v2\/posts"}],"about":[{"href":"https:\/\/www.pension-niclas.de\/home\/wp-json\/wp\/v2\/types\/post"}],"author":[{"embeddable":true,"href":"https:\/\/www.pension-niclas.de\/home\/wp-json\/wp\/v2\/users\/1"}],"replies":[{"embeddable":true,"href":"https:\/\/www.pension-niclas.de\/home\/wp-json\/wp\/v2\/comments?post=426"}],"version-history":[{"count":0,"href":"https:\/\/www.pension-niclas.de\/home\/wp-json\/wp\/v2\/posts\/426\/revisions"}],"wp:attachment":[{"href":"https:\/\/www.pension-niclas.de\/home\/wp-json\/wp\/v2\/media?parent=426"}],"wp:term":[{"taxonomy":"category","embeddable":true,"href":"https:\/\/www.pension-niclas.de\/home\/wp-json\/wp\/v2\/categories?post=426"},{"taxonomy":"post_tag","embeddable":true,"href":"https:\/\/www.pension-niclas.de\/home\/wp-json\/wp\/v2\/tags?post=426"}],"curies":[{"name":"wp","href":"https:\/\/api.w.org\/{rel}","templated":true}]}}